{"id":971,"date":"2024-11-26T20:51:25","date_gmt":"2024-11-26T18:51:25","guid":{"rendered":"https:\/\/eskbilbaolimpiezavial.com\/?p=971"},"modified":"2024-11-27T21:31:01","modified_gmt":"2024-11-27T19:31:01","slug":"reunion-de-comite-y-empresa-26-11-24","status":"publish","type":"post","link":"https:\/\/eskbilbaolimpiezavial.com\/index.php\/2024\/11\/26\/reunion-de-comite-y-empresa-26-11-24\/","title":{"rendered":"REUNION DE COMITE Y EMPRESA 26\/11\/24"},"content":{"rendered":"<div class=\"wp-block-image\">\n<figure class=\"aligncenter size-full is-resized\"><img loading=\"lazy\" decoding=\"async\" src=\"https:\/\/eskbilbaolimpiezavial.com\/wp-content\/uploads\/2024\/11\/logo-ESK-limpieza-vial-Bilbo-4.jpg\" alt=\"\" class=\"wp-image-963\" width=\"386\" height=\"305\" srcset=\"https:\/\/eskbilbaolimpiezavial.com\/wp-content\/uploads\/2024\/11\/logo-ESK-limpieza-vial-Bilbo-4.jpg 800w, https:\/\/eskbilbaolimpiezavial.com\/wp-content\/uploads\/2024\/11\/logo-ESK-limpieza-vial-Bilbo-4-300x237.jpg 300w, https:\/\/eskbilbaolimpiezavial.com\/wp-content\/uploads\/2024\/11\/logo-ESK-limpieza-vial-Bilbo-4-768x608.jpg 768w\" sizes=\"auto, (max-width: 386px) 100vw, 386px\" \/><\/figure>\n<\/div>\n\n\n<p>Hoy nos hemos reunido  la Empresa y el Comit\u00e9.<\/p>\n\n\n\n<p>Comenzamos la reuni\u00f3n explicando el sindicato LAB que forma parte de una mesa para intentar que en nuestra profesi\u00f3n se pueda llegar a lograr una jubilaci\u00f3n anticipada sin penalizaciones por el tema T\u00f3xico penoso.<br>El sindicato ESK formamos tambi\u00e9n parte de esa mesa negociadora. Tenemos v\u00eda parlamentaria para exponerlo en Vitoria y se nos ha abierto las puertas del Congreso en Madrid. Pero todo esto, suponiendo que llegue a buen puerto, tardar\u00e1. Se invita a todos los sindicatos que conforman el Comit\u00e9 de nuestra empresa a que se unan a dicha mesa si lo desean.<\/p>\n\n\n\n<p>Nos presentan al nuevo miembro del comit\u00e9 por parte de LAB ya que la delegada ha dimitido.<\/p>\n\n\n\n<p>Entramos en materia de los puntos a tratar.<\/p>\n\n\n\n<ul class=\"wp-block-list\">\n<li>CAMBIOS DE PUESTOS<br>Se presenta el listado de los mismos por parte de la Empresa. Se publicar\u00e1n est\u00e1 tarde o ma\u00f1ana en todas las zonas.<\/li>\n<\/ul>\n\n\n\n<p>Estos nuevos cambios se har\u00e1n de manera gradual, no todos el mismo d\u00eda, ya que se debe reorganizar los servicios y teniendo en cuenta que algunos puestos necesitan formaci\u00f3n.<\/p>\n\n\n\n<p>Si alg\u00fan operario una vez que haya probado el puesto asignado no estuviera a gusto con \u00e9l tiene el plazo de un mes para volver a su puesto anterior. El puesto que dejase quedar\u00eda vacante hasta el a\u00f1o pr\u00f3ximo cuando se vuelvan a hacer cambios de puestos.<\/p>\n\n\n\n<ul class=\"wp-block-list\">\n<li>LISTA DE TRABAJADORES\/AS PARA S\u00c1BADOS DOMINGOS Y FESTIVOS.<\/li>\n<\/ul>\n\n\n\n<p>En un anterior comunicado os dijimos que iban a enviarnos a todos y todas una encuesta con c\u00f3digo QR para que el que lo desee se apunte a trabajar s\u00e1bados domingos y festivos. Teniendo siempre presente que la jornada parcial tiene prioridad absoluta.<\/p>\n\n\n\n<p>Cada operario que trabaje un festivo pasar\u00e1 al final de la lista.<\/p>\n\n\n\n<p>No s\u00e9 podr\u00e1 elegir zona para trabajar festivo, ser\u00e1 donde, por necesidades del servicio se le requiera.<\/p>\n\n\n\n<p>Si alguien dice que no puede venir el d\u00eda requerido sin justificaci\u00f3n, a la tercera vez se le quitar\u00e1 de la lista un a\u00f1o natural.<\/p>\n\n\n\n<p>Si se trabaja dos festivos seguidos ( jueves y viernes santos, por ejemplo), pasar\u00e1 al final de la lista dos veces.<\/p>\n\n\n\n<p>Se realizar\u00e1n dos llamadas, en media hora, si a la primera llamada no atiende el tel\u00e9fono, para decir al operario que se le requiere para este u otro d\u00eda.<\/p>\n\n\n\n<p>Los festivos de Aste Nagusia quedan fuera de este listado.<\/p>\n\n\n\n<p>Todo esto se pondr\u00e1 en pr\u00e1ctica, una vez que est\u00e9 preparado inform\u00e1ticamente. Se ir\u00e1 viendo los problemas y casu\u00edsticas para ir corrigiendo lo que fuese necesario.<\/p>\n\n\n\n<p>De momento el listado para s\u00e1bados y viernes noche queda fuera de esta lista.<\/p>\n\n\n\n<p>ESK hemos recordado que a la jornada parcial se la deja muchas veces en casa y luego se le \u00abexige\u00bb venir a trabajar los d\u00edas que no quiere nadie. Nos han dicho que en julio les recordemos que se les llame para la Semana Grande.<\/p>\n\n\n\n<ul class=\"wp-block-list\">\n<li>JORNADA DE TRABAJO<\/li>\n<\/ul>\n\n\n\n<p>Se comenta por parte de ELA que s\u00f3lo es a efectos econ\u00f3micos. Es decir, el Art. 9 del convenio pone claramente trasladar un festivo que caiga en s\u00e1bado al domingo y si cae en domingo al lunes.<\/p>\n\n\n\n<p>En la Fiesta del Pilar se llam\u00f3 a mucha gente de parcial y no pudieron venir al estar trabajando en otras empresas. Se invit\u00f3 a venir al 100 % de la jornada completa y la mitad no quisieron venir.<\/p>\n\n\n\n<ul class=\"wp-block-list\">\n<li>ESTADO DE LOS VEH\u00cdCULOS<\/li>\n<\/ul>\n\n\n\n<p>Una vez m\u00e1s se ha debatido la falta de veh\u00edculos, debido a aver\u00edas o a accidentes.<\/p>\n\n\n\n<p>Anteriormente, y por escrito se comunic\u00f3 por parte de ESK, a los dos jefes de servicio y a la jefa de personal la situaci\u00f3n de estress y deterioro f\u00edsico de muchos peones de barrido manual, al estar rutas sin ninguna ayuda de dual, baldeadoras, y o barredoras. Son muchos meses ya lo que llevamos soportando est\u00e1 situaci\u00f3n y despu\u00e9s se quejan del alto absentismo laboral.<br>No parece que tenga soluci\u00f3n hasta que la nueva contrata est\u00e9 en funcionamiento y ver qu\u00e9 servicios se han acordado con el Ayuntamiento de Bilbao.<\/p>\n\n\n\n<p>Nos vuelven a decir que no se exige a nadie acabar la ruta.<\/p>\n\n\n\n<p>ESK hemos sugerido que si no hay ayuda se tendr\u00e1n que reducir algunas rutas.<\/p>\n\n\n\n<p>LAB ha comentado, y ESK estamos completamente de acuerdo en que las barredoras no deber\u00edan empezar siempre por el mismo sitio ya que la \u00faltima ruta se queda casi siempre sin barredora ya que no llega, y menos en esta \u00e9poca de hojas.<\/p>\n\n\n\n<p>ELA ha comentado la necesidad de mejorar el taller en cuanto a medios materiales que agilicen el trabajo.<\/p>\n\n\n\n<p>Ha estado en la reuni\u00f3n la jefa de taller, nos ha dicho que no s\u00f3lo son barredoras las que hay que arreglar sino tambi\u00e9n camiones. Piensa que se les mete mucha tralla a estos \u00faltimos ya que ve y le llama la atenci\u00f3n que a las 11 u 11:3O est\u00e1n los oficiales de primera en la ducha. ESK no est\u00e1 de acuerdo que ese sea el motivo por el que se aver\u00edan los camiones.<\/p>\n\n\n\n<p>Hasta que la nueva empresa entre en funcionamiento, que a\u00fan no sabe la parte empresarial cu\u00e1ndo va a ser, no parece que esto tenga soluci\u00f3n.<\/p>\n\n\n\n<p>Se ha pedido, si se van a adquirir veh\u00edculos nuevos, que es una mera suposici\u00f3n, que se tenga en cuenta la opini\u00f3n de los operarios, dudamos de que estoy sea as\u00ed.<\/p>\n\n\n\n<ul class=\"wp-block-list\">\n<li>ASISTENCIA AL M\u00c9DICO<\/li>\n<\/ul>\n\n\n\n<p>Comentamos que hay mandos que piden sacar fotos de la m\u00e1quina de fichar a la hora que sales para ir al m\u00e9dico y a la hora que vuelves. La parte empresarial comenta que es algo puramente organizativo de algunos mandos que tienen que realizar el parte diario. No s\u00e9 trata de algo imperativo, es algo colaborativo.<\/p>\n\n\n\n<ul class=\"wp-block-list\">\n<li>PROMOCI\u00d3N A OFICIALES PRIMERA DE PARCIAL.<\/li>\n<\/ul>\n\n\n\n<p>ESK hemos preguntado cu\u00e1ndo se va a hacer la promoci\u00f3n ya que acab\u00f3 el plazo para apuntarse el 30 de agosto.<\/p>\n\n\n\n<p>La parte empresarial comenta que no sabe porque tiene a alg\u00fan compa\u00f1ero que ha judicializado su categor\u00eda. Le gustar\u00eda a la empresa llegar a un acuerdo y que el operario quitase la demanda.<\/p>\n\n\n\n<ul class=\"wp-block-list\">\n<li>LLAMADA A LAS OFICINAS SOLO DE 13:00 a 15:00<\/li>\n<\/ul>\n\n\n\n<p>ESK hemos preguntado porqu\u00e9 no se ha avisado de este cambio al Comit\u00e9.<br>La respuesta ha sido que tienen mucho trabajo y es para mejor organizaci\u00f3n de los compa\u00f1eros y compa\u00f1eras de la oficina.<br>Nos parece perfecto pero pensamos que se ten\u00eda que haber avisado al Comit\u00e9 primero.<\/p>\n\n\n\n<ul class=\"wp-block-list\">\n<li>CAMBIO DEL M\u00c9TODO DE FICHAR<\/li>\n<\/ul>\n\n\n\n<p>Nos comenta la parte empresarial que se va a cambiar el m\u00e9todo de fichar, pero que primero tienen que colocar los relojes nuevos en las zonas.<\/p>\n\n\n\n<ul class=\"wp-block-list\">\n<li>PE\u00d3N DE MUEBLES<\/li>\n<\/ul>\n\n\n\n<p>Ha preguntado USO para cuando el segundo pe\u00f3n para los servicios de muebles.<br>La parte empresarial contesta que cuando sea firme la sentencia, lo cu\u00e1l nos indica que han recurrido.<\/p>\n\n\n\n<p><\/p>\n","protected":false},"excerpt":{"rendered":"<p>Hoy nos hemos reunido la Empresa y el Comit\u00e9. Comenzamos la reuni\u00f3n explicando el sindicato LAB que forma parte de&hellip; <a class=\"read-more\" href=\"https:\/\/eskbilbaolimpiezavial.com\/index.php\/2024\/11\/26\/reunion-de-comite-y-empresa-26-11-24\/\">Seguir leyendo<\/a><\/p>\n","protected":false},"author":1,"featured_media":0,"comment_status":"closed","ping_status":"open","sticky":false,"template":"","format":"standard","meta":{"footnotes":""},"categories":[6],"tags":[],"class_list":["post-971","post","type-post","status-publish","format-standard","hentry","category-noticias"],"post_mailing_queue_ids":[],"_links":{"self":[{"href":"https:\/\/eskbilbaolimpiezavial.com\/index.php\/wp-json\/wp\/v2\/posts\/971","targetHints":{"allow":["GET"]}}],"collection":[{"href":"https:\/\/eskbilbaolimpiezavial.com\/index.php\/wp-json\/wp\/v2\/posts"}],"about":[{"href":"https:\/\/eskbilbaolimpiezavial.com\/index.php\/wp-json\/wp\/v2\/types\/post"}],"author":[{"embeddable":true,"href":"https:\/\/eskbilbaolimpiezavial.com\/index.php\/wp-json\/wp\/v2\/users\/1"}],"replies":[{"embeddable":true,"href":"https:\/\/eskbilbaolimpiezavial.com\/index.php\/wp-json\/wp\/v2\/comments?post=971"}],"version-history":[{"count":5,"href":"https:\/\/eskbilbaolimpiezavial.com\/index.php\/wp-json\/wp\/v2\/posts\/971\/revisions"}],"predecessor-version":[{"id":978,"href":"https:\/\/eskbilbaolimpiezavial.com\/index.php\/wp-json\/wp\/v2\/posts\/971\/revisions\/978"}],"wp:attachment":[{"href":"https:\/\/eskbilbaolimpiezavial.com\/index.php\/wp-json\/wp\/v2\/media?parent=971"}],"wp:term":[{"taxonomy":"category","embeddable":true,"href":"https:\/\/eskbilbaolimpiezavial.com\/index.php\/wp-json\/wp\/v2\/categories?post=971"},{"taxonomy":"post_tag","embeddable":true,"href":"https:\/\/eskbilbaolimpiezavial.com\/index.php\/wp-json\/wp\/v2\/tags?post=971"}],"curies":[{"name":"wp","href":"https:\/\/api.w.org\/{rel}","templated":true}]}}