{"id":1378,"date":"2026-04-28T18:35:47","date_gmt":"2026-04-28T16:35:47","guid":{"rendered":"https:\/\/eskbilbaolimpiezavial.com\/?p=1378"},"modified":"2026-04-28T18:35:48","modified_gmt":"2026-04-28T16:35:48","slug":"movilizacion-2","status":"publish","type":"post","link":"https:\/\/eskbilbaolimpiezavial.com\/index.php\/2026\/04\/28\/movilizacion-2\/","title":{"rendered":"MOVILIZACI\u00d3N 2"},"content":{"rendered":"\n<figure class=\"wp-block-image size-full\"><img loading=\"lazy\" decoding=\"async\" width=\"1007\" height=\"214\" src=\"https:\/\/eskbilbaolimpiezavial.com\/wp-content\/uploads\/2026\/04\/Tres-logos-2026-02-07-at-23.00.34-6.jpeg\" alt=\"\" class=\"wp-image-1379\" srcset=\"https:\/\/eskbilbaolimpiezavial.com\/wp-content\/uploads\/2026\/04\/Tres-logos-2026-02-07-at-23.00.34-6.jpeg 1007w, https:\/\/eskbilbaolimpiezavial.com\/wp-content\/uploads\/2026\/04\/Tres-logos-2026-02-07-at-23.00.34-6-300x64.jpeg 300w, https:\/\/eskbilbaolimpiezavial.com\/wp-content\/uploads\/2026\/04\/Tres-logos-2026-02-07-at-23.00.34-6-768x163.jpeg 768w\" sizes=\"auto, (max-width: 1007px) 100vw, 1007px\" \/><\/figure>\n\n\n\n<p class=\"has-medium-font-size\">Os recordamos a todas las compa\u00f1eras y a todos los compa\u00f1eros, que <strong>ma\u00f1ana<\/strong> <strong>d\u00eda 29<\/strong> nos volveremos a concentrar de <strong>9 a 10<\/strong>, los delegados y delegada de ESK, LAB y ELA frente al Ayuntamiento de Bilbao.<\/p>\n\n\n\n<p class=\"has-medium-font-size\">Ya conoc\u00e9is todos y todas nuestras reivindicaciones, entre otras:<\/p>\n\n\n\n<p class=\"has-medium-font-size\">Recuperar poder adquisitivo.<\/p>\n\n\n\n<p class=\"has-medium-font-size\">M\u00e1s d\u00edas de trabajo para la Jornada parcial adem\u00e1s de 80 \u20ac de plus festivo.<\/p>\n\n\n\n<p class=\"has-medium-font-size\">Mejoras sociales, como poder coger las vacaciones en dos per\u00edodos para poder conciliar la vida familiar\u2026.<\/p>\n\n\n\n<p class=\"has-medium-font-size\">Nosotros y nosotras no vamos a decaer en el empe\u00f1o. M\u00e1s valen unas cuantas personas que se movilizan y reivindican, que la pasividad y el conformismo.<\/p>\n\n\n\n<p class=\"has-medium-font-size\"><strong>Seguimos diciendo que esta \u201clucha\u201d es de tod@s y para tod@s.<\/strong><\/p>\n\n\n\n<p class=\"has-medium-font-size\"> <strong>BETI<\/strong> <strong>AURRERA!!! SIEMPRE HACIA DELANTE!!!<\/strong><\/p>\n","protected":false},"excerpt":{"rendered":"<p>Os recordamos a todas las compa\u00f1eras y a todos los compa\u00f1eros, que ma\u00f1ana d\u00eda 29 nos volveremos a concentrar de&hellip; <a class=\"read-more\" href=\"https:\/\/eskbilbaolimpiezavial.com\/index.php\/2026\/04\/28\/movilizacion-2\/\">Seguir leyendo<\/a><\/p>\n","protected":false},"author":1,"featured_media":0,"comment_status":"closed","ping_status":"open","sticky":false,"template":"","format":"standard","meta":{"footnotes":""},"categories":[6],"tags":[],"class_list":["post-1378","post","type-post","status-publish","format-standard","hentry","category-noticias"],"post_mailing_queue_ids":[],"_links":{"self":[{"href":"https:\/\/eskbilbaolimpiezavial.com\/index.php\/wp-json\/wp\/v2\/posts\/1378","targetHints":{"allow":["GET"]}}],"collection":[{"href":"https:\/\/eskbilbaolimpiezavial.com\/index.php\/wp-json\/wp\/v2\/posts"}],"about":[{"href":"https:\/\/eskbilbaolimpiezavial.com\/index.php\/wp-json\/wp\/v2\/types\/post"}],"author":[{"embeddable":true,"href":"https:\/\/eskbilbaolimpiezavial.com\/index.php\/wp-json\/wp\/v2\/users\/1"}],"replies":[{"embeddable":true,"href":"https:\/\/eskbilbaolimpiezavial.com\/index.php\/wp-json\/wp\/v2\/comments?post=1378"}],"version-history":[{"count":2,"href":"https:\/\/eskbilbaolimpiezavial.com\/index.php\/wp-json\/wp\/v2\/posts\/1378\/revisions"}],"predecessor-version":[{"id":1381,"href":"https:\/\/eskbilbaolimpiezavial.com\/index.php\/wp-json\/wp\/v2\/posts\/1378\/revisions\/1381"}],"wp:attachment":[{"href":"https:\/\/eskbilbaolimpiezavial.com\/index.php\/wp-json\/wp\/v2\/media?parent=1378"}],"wp:term":[{"taxonomy":"category","embeddable":true,"href":"https:\/\/eskbilbaolimpiezavial.com\/index.php\/wp-json\/wp\/v2\/categories?post=1378"},{"taxonomy":"post_tag","embeddable":true,"href":"https:\/\/eskbilbaolimpiezavial.com\/index.php\/wp-json\/wp\/v2\/tags?post=1378"}],"curies":[{"name":"wp","href":"https:\/\/api.w.org\/{rel}","templated":true}]}}