{"id":1374,"date":"2026-04-27T13:41:39","date_gmt":"2026-04-27T11:41:39","guid":{"rendered":"https:\/\/eskbilbaolimpiezavial.com\/?p=1374"},"modified":"2026-04-27T13:45:18","modified_gmt":"2026-04-27T11:45:18","slug":"1-de-mayo","status":"publish","type":"post","link":"https:\/\/eskbilbaolimpiezavial.com\/index.php\/2026\/04\/27\/1-de-mayo\/","title":{"rendered":"1 DE MAYO"},"content":{"rendered":"\n<figure class=\"wp-block-image size-large\"><img loading=\"lazy\" decoding=\"async\" width=\"731\" height=\"1024\" src=\"https:\/\/eskbilbaolimpiezavial.com\/wp-content\/uploads\/2026\/04\/WhatsApp-Image-2026-04-27-at-13.13.28-731x1024.jpeg\" alt=\"\" class=\"wp-image-1375\" srcset=\"https:\/\/eskbilbaolimpiezavial.com\/wp-content\/uploads\/2026\/04\/WhatsApp-Image-2026-04-27-at-13.13.28-731x1024.jpeg 731w, https:\/\/eskbilbaolimpiezavial.com\/wp-content\/uploads\/2026\/04\/WhatsApp-Image-2026-04-27-at-13.13.28-214x300.jpeg 214w, https:\/\/eskbilbaolimpiezavial.com\/wp-content\/uploads\/2026\/04\/WhatsApp-Image-2026-04-27-at-13.13.28-768x1076.jpeg 768w, https:\/\/eskbilbaolimpiezavial.com\/wp-content\/uploads\/2026\/04\/WhatsApp-Image-2026-04-27-at-13.13.28.jpeg 914w\" sizes=\"auto, (max-width: 731px) 100vw, 731px\" \/><\/figure>\n\n\n\n<p>MANIFESTACI\u00d3N 1 DE MAYO.<\/p>\n\n\n\n<p><strong>A todos nuestr@s afiliad@s y simpatizantes, si quer\u00e9is participar en la Manifestaci\u00f3n hemos quedado ESK en Bilbao Gran V\u00eda 56 a las 11:30 de la ma\u00f1ana. Al finalizar la misma, como siempre, tendremos unos \u00abpintxos\u00bb y alguna bebida.<\/strong><\/p>\n\n\n\n<p>Este 1\u00ba de mayo saldremos a las calles para denunciar que la misma mano que firma los recorte aqu\u00ed, financia las bombas all\u00ed. Basta de empobrecimiento e imperialismo.<\/p>\n\n\n\n<p>En marzo de este a\u00f1o, Euskal Herria se moviliz\u00f3 masivamente en contra del empobrecimiento de la clase trabajadora y para reclamar un SMI de 1.500 \u20ac. Tras la huelga general y a pesar de la interrelaci\u00f3n directa que la clase trabajadora hicimos a patronales y gobiernos, estos siguen reacios a tener en cuenta nuestras reinvidicaciones.<\/p>\n\n\n\n<p>Este 1 de mayo, las trabajadoras y los trabajadores saldremos a la calle para demostrarles tanto a gobiernos como patronales que no vamos a permitir que sigan empobreci\u00e9ndonos para enriquecerse a nuestra costa y, menos a\u00fan, que lo hagan justificando, por acci\u00f3n o por omisi\u00f3n, guerras e injerencias imperialistas.<\/p>\n\n\n\n<p>Las trabajadoras y trabajadores hemos perdido ya la cuenta de las crisis que hemos tenido que vivir. Crisis de todo tipo, financieras, b\u00e9licas, sanitarias&#8230; Cada una ha tenido diferentes apellidos pero un \u00fanico resultado, privatizan los beneficios y socializan las p\u00e9rdidas, nosotras perdemos y ellos ganan. Ganan ellos y lo hacen en nombre del sistema capitalista criminal que con la complicidad de los diferentes gobiernos antepone asistem\u00e1ticamente el beneficio privado de unos pocos frente al bienestar de la mayor\u00eda. Perdemos las trabajadoras y los trabajadores que crisis tras crisis somos quienes asumimos su coste, quienes tenemos que hacer frente a la destrucci\u00f3n del empleo, a una mayor precariedad, al aumento de la pobreza debilitamiento de los servicios p\u00fablicos&#8230;<\/p>\n\n\n\n<p>Las trabajadoras y trabajadores de Euskal Herria perdemos derechos y capacidad econ\u00f3mica para sostener una vida digna pero hay quienes con la imposici\u00f3n de esta econom\u00eda de guerra a la que nos someten pierden tambi\u00e9n la vida. Lo \u00fanico que les importa es seguir acumulando riqueza y poder aunque para ello tengan que seguir asesinando gente, sino \u00bfcu\u00e1l es la raz\u00f3n para que los estados miembros de la UE acordasen un incremento del 5% del PIB en gasto militar?. Desv\u00edan ingentes cantidades de dinero para fomentar destrucci\u00f3n y miseria, recursos que deber\u00edan destinar a garantizar los derechos sociales m\u00e1s b\u00e1sicos como la educaci\u00f3n o la sanidad p\u00fablica. \u00bfA qui\u00e9n puede extra\u00f1arle este af\u00e1n militarizador? No les importa seguir ahogando a quienes tienen cerca como para preocuparse por otros.<\/p>\n\n\n\n<p class=\"has-medium-font-size\">Mientras d\u00eda tras d\u00eda con sus pol\u00edticas empobrecen a la clase trabajadora; las grandes corporaciones, entidades financieras y los fondos de inversi\u00f3n no dejan de engordar sus beneficios. En un planeta donde nunca se ha generado tanta riqueza, esta se concentra cada vez en menos manos, profundizando en las desigualdades y conden\u00e1ndonos a la pobreza y la exclusi\u00f3n social. Se est\u00e1 configurando la sociedad del desasosiego, en la que la exclusi\u00f3n deja de ser un accidente y se constituye en un rasgo estructural del modelo socioecon\u00f3mico.<\/p>\n","protected":false},"excerpt":{"rendered":"<p>MANIFESTACI\u00d3N 1 DE MAYO. A todos nuestr@s afiliad@s y simpatizantes, si quer\u00e9is participar en la Manifestaci\u00f3n hemos quedado ESK en&hellip; <a class=\"read-more\" href=\"https:\/\/eskbilbaolimpiezavial.com\/index.php\/2026\/04\/27\/1-de-mayo\/\">Seguir leyendo<\/a><\/p>\n","protected":false},"author":1,"featured_media":0,"comment_status":"closed","ping_status":"open","sticky":false,"template":"","format":"standard","meta":{"footnotes":""},"categories":[6],"tags":[],"class_list":["post-1374","post","type-post","status-publish","format-standard","hentry","category-noticias"],"post_mailing_queue_ids":[],"_links":{"self":[{"href":"https:\/\/eskbilbaolimpiezavial.com\/index.php\/wp-json\/wp\/v2\/posts\/1374","targetHints":{"allow":["GET"]}}],"collection":[{"href":"https:\/\/eskbilbaolimpiezavial.com\/index.php\/wp-json\/wp\/v2\/posts"}],"about":[{"href":"https:\/\/eskbilbaolimpiezavial.com\/index.php\/wp-json\/wp\/v2\/types\/post"}],"author":[{"embeddable":true,"href":"https:\/\/eskbilbaolimpiezavial.com\/index.php\/wp-json\/wp\/v2\/users\/1"}],"replies":[{"embeddable":true,"href":"https:\/\/eskbilbaolimpiezavial.com\/index.php\/wp-json\/wp\/v2\/comments?post=1374"}],"version-history":[{"count":2,"href":"https:\/\/eskbilbaolimpiezavial.com\/index.php\/wp-json\/wp\/v2\/posts\/1374\/revisions"}],"predecessor-version":[{"id":1377,"href":"https:\/\/eskbilbaolimpiezavial.com\/index.php\/wp-json\/wp\/v2\/posts\/1374\/revisions\/1377"}],"wp:attachment":[{"href":"https:\/\/eskbilbaolimpiezavial.com\/index.php\/wp-json\/wp\/v2\/media?parent=1374"}],"wp:term":[{"taxonomy":"category","embeddable":true,"href":"https:\/\/eskbilbaolimpiezavial.com\/index.php\/wp-json\/wp\/v2\/categories?post=1374"},{"taxonomy":"post_tag","embeddable":true,"href":"https:\/\/eskbilbaolimpiezavial.com\/index.php\/wp-json\/wp\/v2\/tags?post=1374"}],"curies":[{"name":"wp","href":"https:\/\/api.w.org\/{rel}","templated":true}]}}