{"id":1329,"date":"2026-03-09T10:01:26","date_gmt":"2026-03-09T08:01:26","guid":{"rendered":"https:\/\/eskbilbaolimpiezavial.com\/?p=1329"},"modified":"2026-03-09T10:01:28","modified_gmt":"2026-03-09T08:01:28","slug":"festivos-jornada-parcial","status":"publish","type":"post","link":"https:\/\/eskbilbaolimpiezavial.com\/index.php\/2026\/03\/09\/festivos-jornada-parcial\/","title":{"rendered":"FESTIVOS JORNADA PARCIAL."},"content":{"rendered":"\n<p class=\"has-medium-font-size\">La empresa est\u00e1 haciendo entrega a los compa\u00f1eros y compa\u00f1eras de jornada parcial unos documentos para firmar, donde se indica cu\u00e1ndo tienen que venir a trabajar los festivos.<\/p>\n\n\n\n<p class=\"has-medium-font-size\"><strong>Primeramente, os recomendamos leer cualquier documento que os presenten para firmar<\/strong>, <strong>leerlo despacio sin prisas.<\/strong><\/p>\n\n\n\n<p class=\"has-medium-font-size\"><strong>Si tienes dudas o no est\u00e1s conforme, ten\u00e9is las opciones de firmar NO CONFORME poniendo la fecha del d\u00eda en que firmas.<\/strong><\/p>\n\n\n\n<p class=\"has-medium-font-size\">Desde la Secci\u00f3n Sindical de <strong>ESK<\/strong>, se pregunt\u00f3 qu\u00e9 pasa con los compa\u00f1eros que por trabajar en otras empresas entre semana no puedan acudir, o como ocurre en Navidad, por ejemplo, si no tienen manera de llegar a su puesto de trabajo, por falta de transporte p\u00fablico.<\/p>\n\n\n\n<p class=\"has-medium-font-size\">Tras el debate pertinente, nos dijeron que se comunique al mando, nosotros a\u00f1adimos que nos lo dig\u00e1is a cualquier Delegado de ESK,  que quiz\u00e1s se podr\u00eda sustituir a esa persona por otro compa\u00f1ero\/a.<\/p>\n\n\n\n<p class=\"has-medium-font-size\">A continuaci\u00f3n copiamos de manera literal lo que la empresa est\u00e1 entregando.<\/p>\n\n\n\n<p class=\"has-large-font-size\">                      <strong> EQUIPO FESTIVOS<\/strong><\/p>\n\n\n\n<p class=\"has-medium-font-size\">Se recuerda el contenido de lo recogido en su Contrato as\u00ed como lo establecido en el Art\u00edculo 9 del CONVENIO COLECTIVO DE LA EMPRESA FCC MEDIO AMBIENTE, S.A.U. VALORIZACI\u00d3N Y TRATAMIENTO DE RESIDUOS S.A., GMSM MEDIO AMBIENTE S.A. (U.T.E. RSU BILBAO II), CON SU PERSONAL DEDICADO AL SERVICIO DE LIMPIEZA P\u00daBLICA URBAN, RECOGIDA Y TRANSPORTE DE RESIDUOS URBANOS DE BILBAO HASTA UN GESTOR AUTORIZADO O CENTRO DE TRANSFERENCIA, QUE TIENE CONCERTADO CON EL EXCMO. AYUNTAMIENTO DE LA VILLA DE BILBAO. En dicho art\u00edculo se detalla expresamente lo siguiente:<\/p>\n\n\n\n<div class=\"wp-block-group\"><div class=\"wp-block-group__inner-container is-layout-constrained wp-block-group-is-layout-constrained\">\n<div class=\"wp-block-group\"><div class=\"wp-block-group__inner-container is-layout-constrained wp-block-group-is-layout-constrained\">\n<p class=\"has-medium-font-size\"><em>Art\u00edculo 9. Jornada de Trabajo. \u00abEl personal afecto a  los Servicios de Limpieza Viaria y Recogida Domiciliaria de Basuras, se organiza a trav\u00e9s de dos equipos de trabajo: Equipo 1: estar\u00e1 formado por los trabajadores contratados a jornada completa y que prestan sus servicios de lunes a viernes (turno de ma\u00f1ana y tarde) y de domingo a jueves (turno de noche).<\/em>                                       <\/p>\n\n\n\n<p class=\"has-medium-font-size\"><em>Equipo 2: estar\u00e1 formado por los trabajadores contratados espec\u00edficamente para prestar sus servicios los s\u00e1bados y\/o domingos (turno de ma\u00f1ana y tarde) y lod viernes y\/o s\u00e1bados (turno de noche), adem\u00e1s de festivos que sean requeridos y d\u00edas puntuales en los que por necesidades del servicio sean llamados\u00bb.<\/em><\/p>\n<\/div><\/div>\n<\/div><\/div>\n\n\n\n<p class=\"has-medium-font-size\">Ud., tal y como sabe, pertenece al Equipo 2, motivo por el cual se le recuerda que el objeto de su <strong>Contrato<\/strong> es prestar servicios los d\u00edas establecidos de fines de semana en el mismo, m\u00e1s los festivos que sean requeridos por la Empresa seg\u00fan las necesidades de servicio existentes&#8230;, tal y como consta en el <strong>Clausulado de este.<\/strong><\/p>\n\n\n\n<p class=\"has-medium-font-size\">Por dicho motivo, se le informa de tal compromiso contractual adquirido por ud. con la Empresa, rogando lo tenga presente.<\/p>\n\n\n\n<p class=\"has-medium-font-size\">Con el fin de poder establecer un Calendario anual de prestaci\u00f3n en dichos d\u00edas, se detallan unas reglas gen\u00e9ricas, con posibles cambios o excepciones que puedan surgir por necesidades del servicio.<\/p>\n\n\n\n<p><strong>TURNO DE MA\u00d1ANA<\/strong><\/p>\n\n\n\n<p><strong>FESTIVOS CONSECUTIVOS  (Festivos en lunes, viernes santo y s\u00e1bados)<\/strong><\/p>\n\n\n\n<p class=\"has-medium-font-size\">Trabajar\u00e1 la plantilla de Tiempo Parcial que presta servicio los S\u00e1bados Ma\u00f1ana, de la que ser\u00e1 eximida la correspondiente a aquellos servicios que no sean prestados, salvo que fuera necesario su prestaci\u00f3n en otras tareas del servicio propias de su Categor\u00eda.<\/p>\n\n\n\n<p class=\"has-medium-font-size\"><strong>FESTIVOS NO CONSECUTIVOS (Festivos en martes, mi\u00e9rcoles, jueves y viernes, excepto viernes Santo)<\/strong><\/p>\n\n\n\n<p class=\"has-medium-font-size\">Trabajar\u00e1 la plantilla de Tiempo Parcial que presta servicio los Domingos Ma\u00f1ana, de la que ser\u00e1 eximida la correspondiente a aquellos servicios que no sean prestados, salvo que fuera necesario su prestaci\u00f3n en otras tareas del servicio propias de su Categor\u00eda. Pudiendo ser requerido a su vez por necesidades de servicio tambi\u00e9n personal que presta servicio los S\u00e1bados Ma\u00f1ana.<\/p>\n\n\n\n<p><strong>JORNADA EN VIERNES POR FESTIVO S\u00c1BADO.<\/strong><\/p>\n\n\n\n<p class=\"has-medium-font-size\">Trabajar\u00e1 la plantilla de Tiempo Parcial que presta servicio los S\u00e1bados Ma\u00f1ana, de la que ser\u00e1 eximida la correspondiente a aquellos servicios que no sean prestados, salvo que fuera necesario su prestaci\u00f3n en otras tareas del servicio propias de su Categor\u00eda.<\/p>\n\n\n\n<p class=\"has-medium-font-size\"><strong>TURNO TARDE<\/strong><\/p>\n\n\n\n<p class=\"has-medium-font-size\"><strong>FESTIVOS<\/strong><\/p>\n\n\n\n<p class=\"has-medium-font-size\">Trabajar\u00e1 la plantilla de Tiempo Parcial que presta servicio los S\u00e1bados Tarde, de la que ser\u00e1 eximida la correspondiente a aquellos servicios que no sean prestados, salvo que fuera necesario su prestaci\u00f3n en otras tareas del servicio propias de su Categor\u00eda.<\/p>\n\n\n\n<p class=\"has-medium-font-size\"><strong>JORNADA EN VIERNES POR FESTIVO S\u00c1BADO.<\/strong><\/p>\n\n\n\n<p class=\"has-medium-font-size\">Trabajar\u00e1 la plantilla de Tiempo Parcial que presta servicio los S\u00e1bados Tarde, de la que ser\u00e1 eximida la correspondiente a aquellos servicios que no sean prestados, salvo que fuera necesario su prestaci\u00f3n en otras tareas del servicio propias de su Categor\u00eda.<\/p>\n\n\n\n<p class=\"has-medium-font-size\"><strong>TURNO NOCHE<\/strong><\/p>\n\n\n\n<p class=\"has-medium-font-size\"><strong>FESTIVOS<\/strong><\/p>\n\n\n\n<p class=\"has-medium-font-size\">Trabajar\u00e1 la plantilla de Tiempo Parcial que presta servicio los Viernes Noche, de la que ser\u00e1 eximida la correspondiente a aquellos servicios que no sean prestados, salvo que fuera necesario su prestaci\u00f3n en otras tareas del servicio propias de su Categor\u00eda.<\/p>\n\n\n\n<p class=\"has-medium-font-size\"><strong>JORNADA EN DOMINGO POR FESTIVO SABADO.<\/strong><\/p>\n\n\n\n<p class=\"has-medium-font-size\">Trabajar\u00e1 la plantilla de Tiempo Parcial que presta servicio los  Viernes Noche, de la que ser\u00e1 eximida la correspondiente a aquellos servicios que no sean prestados, salvo que fuera necesario su prestaci\u00f3n en otras tareas del servicio propias de su Categor\u00eda.<\/p>\n\n\n\n<p class=\"has-medium-font-size\"><strong>JORNADA EN JUEVES POR FESTIVO VIERNES.<\/strong><\/p>\n\n\n\n<p class=\"has-medium-font-size\">Trabajar\u00e1 la plantilla de Tiempo Parcial que presta servicio los Viernes Noche, de la que se eximir\u00e1 la correspondiente a aquellos servicios que no sean prestados, salvo que fuera necesario su prestaci\u00f3n en otras tareas del servicio propias de su Categor\u00eda.<\/p>\n\n\n\n<p class=\"has-medium-font-size\"><\/p>\n\n\n\n<p><\/p>\n","protected":false},"excerpt":{"rendered":"<p>La empresa est\u00e1 haciendo entrega a los compa\u00f1eros y compa\u00f1eras de jornada parcial unos documentos para firmar, donde se indica&hellip; <a class=\"read-more\" href=\"https:\/\/eskbilbaolimpiezavial.com\/index.php\/2026\/03\/09\/festivos-jornada-parcial\/\">Seguir leyendo<\/a><\/p>\n","protected":false},"author":1,"featured_media":0,"comment_status":"closed","ping_status":"open","sticky":false,"template":"","format":"standard","meta":{"footnotes":""},"categories":[6],"tags":[],"class_list":["post-1329","post","type-post","status-publish","format-standard","hentry","category-noticias"],"post_mailing_queue_ids":[],"_links":{"self":[{"href":"https:\/\/eskbilbaolimpiezavial.com\/index.php\/wp-json\/wp\/v2\/posts\/1329","targetHints":{"allow":["GET"]}}],"collection":[{"href":"https:\/\/eskbilbaolimpiezavial.com\/index.php\/wp-json\/wp\/v2\/posts"}],"about":[{"href":"https:\/\/eskbilbaolimpiezavial.com\/index.php\/wp-json\/wp\/v2\/types\/post"}],"author":[{"embeddable":true,"href":"https:\/\/eskbilbaolimpiezavial.com\/index.php\/wp-json\/wp\/v2\/users\/1"}],"replies":[{"embeddable":true,"href":"https:\/\/eskbilbaolimpiezavial.com\/index.php\/wp-json\/wp\/v2\/comments?post=1329"}],"version-history":[{"count":1,"href":"https:\/\/eskbilbaolimpiezavial.com\/index.php\/wp-json\/wp\/v2\/posts\/1329\/revisions"}],"predecessor-version":[{"id":1330,"href":"https:\/\/eskbilbaolimpiezavial.com\/index.php\/wp-json\/wp\/v2\/posts\/1329\/revisions\/1330"}],"wp:attachment":[{"href":"https:\/\/eskbilbaolimpiezavial.com\/index.php\/wp-json\/wp\/v2\/media?parent=1329"}],"wp:term":[{"taxonomy":"category","embeddable":true,"href":"https:\/\/eskbilbaolimpiezavial.com\/index.php\/wp-json\/wp\/v2\/categories?post=1329"},{"taxonomy":"post_tag","embeddable":true,"href":"https:\/\/eskbilbaolimpiezavial.com\/index.php\/wp-json\/wp\/v2\/tags?post=1329"}],"curies":[{"name":"wp","href":"https:\/\/api.w.org\/{rel}","templated":true}]}}