{"id":1326,"date":"2026-03-06T14:03:19","date_gmt":"2026-03-06T12:03:19","guid":{"rendered":"https:\/\/eskbilbaolimpiezavial.com\/?p=1326"},"modified":"2026-03-06T14:08:39","modified_gmt":"2026-03-06T12:08:39","slug":"reunion-empresa-y-comite-2","status":"publish","type":"post","link":"https:\/\/eskbilbaolimpiezavial.com\/index.php\/2026\/03\/06\/reunion-empresa-y-comite-2\/","title":{"rendered":"REUNI\u00d3N EMPRESA Y COMIT\u00c9"},"content":{"rendered":"\n<p class=\"has-medium-font-size\">Compa\u00f1eras y compa\u00f1eros hoy nos hemos reunido el Comit\u00e9 con la Empresa, hemos tratado los siguientes temas:<\/p>\n\n\n\n<p class=\"has-medium-font-size\"><strong>CONTRATO DE RELEVO<\/strong><\/p>\n\n\n\n<p class=\"has-medium-font-size\"><br>Se ha aprobado el listado de los trabajadores <strong>eventuales<\/strong> que van a ser relevistas y en concordancia con la Ley ser\u00e1n indefinidos desde la firma del contrato.<br>Una vez comprobados por la Empresa, que cumplen todos los requisitos legales de cada trabajador que ha solicitado acogerse al contrato de relevo se comenzar\u00e1n a realizar dichos contratos.<\/p>\n\n\n\n<p class=\"has-medium-font-size\"><br><strong>PERSONAL DEL EQUIPO 2 QUE PASAN A SER DEL EQUIPO 1.<\/strong><\/p>\n\n\n\n<p class=\"has-medium-font-size\"><br>Como viene haci\u00e9ndose en los \u00faltimos a\u00f1os estos compa\u00f1eros de la jornada parcial pasar\u00e1n a formar parte de la jornada completa en el momento que quede libre cada vacante.<br>En el 2026 corresponde entrar a jornada completa a tres operarios.<br><strong>ZORIONAK A LOS TRES COMPA\u00d1EROS!!!<\/strong><\/p>\n\n\n\n<p class=\"has-medium-font-size\"><\/p>\n\n\n\n<p class=\"has-medium-font-size\"><strong>PROMOCIONES A OFICIAL PRIMERA EQUIPO 2 ( jornada parcial).<\/strong><\/p>\n\n\n\n<p class=\"has-medium-font-size\"><br>Pr\u00f3ximamente se realizar\u00e1 promoci\u00f3n para oficial de primera del equipo 2, de momento y hasta la firma del nuevo convenio, se realizar\u00e1 como hasta ahora se ven\u00eda haciendo.<\/p>\n\n\n\n<p class=\"has-medium-font-size\"><strong>CINTUR\u00d3N DE SEGURIDAD<\/strong><\/p>\n\n\n\n<p class=\"has-medium-font-size\">C\u00f3mo ya sabr\u00e9is nos ha pasado la empresa, para su firma, a toda la plantilla, un documento de declaraci\u00f3n responsable del uso cintur\u00f3n de seguridad en los veh\u00edculos de la empresa.<br><strong>ES DE OBLIGADO CUMPLIMIENTO<\/strong> tanto para los conductores de los diferentes veh\u00edculos como para los acompa\u00f1antes, incluso dentro del parque de Elorrieta.<\/p>\n\n\n\n<p class=\"has-medium-font-size\">La Empresa tiene capacidad sancionadora, pero desde <strong>ESK<\/strong> pensamos que cada persona debe <strong>velar por su seguridad y la de sus compa\u00f1er@s.<\/strong><\/p>\n\n\n\n<p class=\"has-medium-font-size\"><strong>AUDITORIA EXTERNA.<\/strong><\/p>\n\n\n\n<p class=\"has-medium-font-size\">Nos informa la empresa que la pr\u00f3xima semana desde el martes hasta el viernes se nos realizar\u00e1 una auditor\u00eda externa, por lo que nos piden tengamos el m\u00e1ximo orden y limpieza en las zonas, vestuarios, etc..<br>Los o las auditor@s pueden hablar con cualquier operario y no teng\u00e1is ning\u00fan problema en contestar cu\u00e1ntas cuestiones planteen, son preguntas sencillas, como por ejemplo si nos dan EPIS.<\/p>\n\n\n\n<p class=\"has-medium-font-size\"><strong>M\u00d3VILES<\/strong><\/p>\n\n\n\n<p class=\"has-medium-font-size\"><br>Ya os informamos de la pr\u00f3xima implantaci\u00f3n de un tel\u00e9fono m\u00f3vil por cada servicio o puesto de trabajo. Se trata, de digitalizar los servicios.<br>Se nos dar\u00e1 informaci\u00f3n puntual a todos y todas.<br><\/p>\n\n\n\n<p class=\"has-medium-font-size\">Seguiremos informando de cu\u00e1ntas cuestiones nos ata\u00f1en en la empresa.<\/p>\n\n\n\n<p class=\"has-medium-font-size\"><strong>ESK estamos para ayudaros e informaros.<\/strong> Pod\u00e9is poneros en contacto con los Delegados y Delegada de ESK para cu\u00e1ntas cuestiones necesit\u00e9is.<\/p>\n","protected":false},"excerpt":{"rendered":"<p>Compa\u00f1eras y compa\u00f1eros hoy nos hemos reunido el Comit\u00e9 con la Empresa, hemos tratado los siguientes temas: CONTRATO DE RELEVO&hellip; <a class=\"read-more\" href=\"https:\/\/eskbilbaolimpiezavial.com\/index.php\/2026\/03\/06\/reunion-empresa-y-comite-2\/\">Seguir leyendo<\/a><\/p>\n","protected":false},"author":1,"featured_media":0,"comment_status":"closed","ping_status":"open","sticky":false,"template":"","format":"standard","meta":{"footnotes":""},"categories":[6],"tags":[],"class_list":["post-1326","post","type-post","status-publish","format-standard","hentry","category-noticias"],"post_mailing_queue_ids":[],"_links":{"self":[{"href":"https:\/\/eskbilbaolimpiezavial.com\/index.php\/wp-json\/wp\/v2\/posts\/1326","targetHints":{"allow":["GET"]}}],"collection":[{"href":"https:\/\/eskbilbaolimpiezavial.com\/index.php\/wp-json\/wp\/v2\/posts"}],"about":[{"href":"https:\/\/eskbilbaolimpiezavial.com\/index.php\/wp-json\/wp\/v2\/types\/post"}],"author":[{"embeddable":true,"href":"https:\/\/eskbilbaolimpiezavial.com\/index.php\/wp-json\/wp\/v2\/users\/1"}],"replies":[{"embeddable":true,"href":"https:\/\/eskbilbaolimpiezavial.com\/index.php\/wp-json\/wp\/v2\/comments?post=1326"}],"version-history":[{"count":2,"href":"https:\/\/eskbilbaolimpiezavial.com\/index.php\/wp-json\/wp\/v2\/posts\/1326\/revisions"}],"predecessor-version":[{"id":1328,"href":"https:\/\/eskbilbaolimpiezavial.com\/index.php\/wp-json\/wp\/v2\/posts\/1326\/revisions\/1328"}],"wp:attachment":[{"href":"https:\/\/eskbilbaolimpiezavial.com\/index.php\/wp-json\/wp\/v2\/media?parent=1326"}],"wp:term":[{"taxonomy":"category","embeddable":true,"href":"https:\/\/eskbilbaolimpiezavial.com\/index.php\/wp-json\/wp\/v2\/categories?post=1326"},{"taxonomy":"post_tag","embeddable":true,"href":"https:\/\/eskbilbaolimpiezavial.com\/index.php\/wp-json\/wp\/v2\/tags?post=1326"}],"curies":[{"name":"wp","href":"https:\/\/api.w.org\/{rel}","templated":true}]}}