{"id":1259,"date":"2026-01-08T21:33:22","date_gmt":"2026-01-08T19:33:22","guid":{"rendered":"https:\/\/eskbilbaolimpiezavial.com\/?p=1259"},"modified":"2026-01-08T21:33:23","modified_gmt":"2026-01-08T19:33:23","slug":"otra-mentira-mas","status":"publish","type":"post","link":"https:\/\/eskbilbaolimpiezavial.com\/index.php\/2026\/01\/08\/otra-mentira-mas\/","title":{"rendered":"OTRA MENTIRA M\u00c1S"},"content":{"rendered":"\n<p class=\"has-medium-font-size\">Compa\u00f1eros y compa\u00f1eras, esta tarde os hemos comunicado que enviamos un mail a la Empresa el d\u00eda 29 de diciembre explicando y solicitando que quitasen el art\u00edculo del preacuerdo donde nos quitaban el pasar a un viernes el s\u00e1bado festivo. Os pasamos capturas de pantalla de dicho mail.<\/p>\n\n\n\n<figure class=\"wp-block-image size-large\"><img loading=\"lazy\" decoding=\"async\" width=\"725\" height=\"1024\" src=\"https:\/\/eskbilbaolimpiezavial.com\/wp-content\/uploads\/2026\/01\/una-725x1024.jpeg\" alt=\"\" class=\"wp-image-1260\" srcset=\"https:\/\/eskbilbaolimpiezavial.com\/wp-content\/uploads\/2026\/01\/una-725x1024.jpeg 725w, https:\/\/eskbilbaolimpiezavial.com\/wp-content\/uploads\/2026\/01\/una-212x300.jpeg 212w, https:\/\/eskbilbaolimpiezavial.com\/wp-content\/uploads\/2026\/01\/una-768x1085.jpeg 768w, https:\/\/eskbilbaolimpiezavial.com\/wp-content\/uploads\/2026\/01\/una.jpeg 1080w\" sizes=\"auto, (max-width: 725px) 100vw, 725px\" \/><\/figure>\n\n\n\n<figure class=\"wp-block-image size-large\"><img loading=\"lazy\" decoding=\"async\" width=\"660\" height=\"1024\" src=\"https:\/\/eskbilbaolimpiezavial.com\/wp-content\/uploads\/2026\/01\/3-660x1024.jpeg\" alt=\"\" class=\"wp-image-1261\" srcset=\"https:\/\/eskbilbaolimpiezavial.com\/wp-content\/uploads\/2026\/01\/3-660x1024.jpeg 660w, https:\/\/eskbilbaolimpiezavial.com\/wp-content\/uploads\/2026\/01\/3-193x300.jpeg 193w, https:\/\/eskbilbaolimpiezavial.com\/wp-content\/uploads\/2026\/01\/3-768x1192.jpeg 768w, https:\/\/eskbilbaolimpiezavial.com\/wp-content\/uploads\/2026\/01\/3-990x1536.jpeg 990w, https:\/\/eskbilbaolimpiezavial.com\/wp-content\/uploads\/2026\/01\/3.jpeg 1080w\" sizes=\"auto, (max-width: 660px) 100vw, 660px\" \/><\/figure>\n\n\n\n<figure class=\"wp-block-image size-large\"><img loading=\"lazy\" decoding=\"async\" width=\"686\" height=\"1024\" src=\"https:\/\/eskbilbaolimpiezavial.com\/wp-content\/uploads\/2026\/01\/dos-686x1024.jpeg\" alt=\"\" class=\"wp-image-1262\" srcset=\"https:\/\/eskbilbaolimpiezavial.com\/wp-content\/uploads\/2026\/01\/dos-686x1024.jpeg 686w, https:\/\/eskbilbaolimpiezavial.com\/wp-content\/uploads\/2026\/01\/dos-201x300.jpeg 201w, https:\/\/eskbilbaolimpiezavial.com\/wp-content\/uploads\/2026\/01\/dos-768x1147.jpeg 768w, https:\/\/eskbilbaolimpiezavial.com\/wp-content\/uploads\/2026\/01\/dos-1028x1536.jpeg 1028w, https:\/\/eskbilbaolimpiezavial.com\/wp-content\/uploads\/2026\/01\/dos.jpeg 1080w\" sizes=\"auto, (max-width: 686px) 100vw, 686px\" \/><\/figure>\n\n\n\n<p class=\"has-medium-font-size\">Hoy  nos contesta la Empresa que no est\u00e1 de acuerdo con nuestra  exposici\u00f3n, por lo que hemos vuelto a contestar que nuestra jornada laboral por contrato es de lunes a domingo. Si descansamos el s\u00e1bado es porque ya hemos realizado la jornada total de la semana de lunes a viernes. Por lo que tal y como dice el Tribunal Supremo no pueden hacer coincidir un d\u00eda festivo con el d\u00eda de descanso de los trabajadores.<\/p>\n\n\n\n<p class=\"has-medium-font-size\">Tras esto nos contesta la Empresa que ya lo hablaremos.<\/p>\n\n\n\n<p class=\"has-medium-font-size\">Cu\u00e1l ha sido nuestra sorpresa cuando al poco de enviaros el comunicado anterior nos llega un whatsApp de la Empresa a trav\u00e9s del Presidente del Comit\u00e9, el cu\u00e1l pone literalmente:<\/p>\n\n\n\n<p class=\"has-medium-font-size\">\u00abNos comunica la Empresa que ante la insistencia de LSB-USO, UGT y LAB en aras a la paz social y viendo el malestar que estaba generando en la plantilla se deja el art\u00edculo 9 de jornada de trabajo exactamente como estaba redactado en el anterior convenio.\u00bb<\/p>\n\n\n\n<p class=\"has-medium-font-size\">Nos alegramos mucho de la decisi\u00f3n de la Empresa, pero tambi\u00e9n tenemos que decir que, como ha ocurrido alguna vez m\u00e1s, se ha olvidado la Empresa de nombrar a <strong>ESK<\/strong>, que desde luego somos los que hemos redactado el mail y hemos solicitado en primer lugar que se quitase del preacuerdo.<\/p>\n\n\n\n<p class=\"has-medium-font-size\">Desconocemos cu\u00e1ndo han insistido tanto ya que un sindicato estaba en su asamblea, y considerando que la parte empresarial ha vuelto el d\u00eda 7 y hoy es 8 poco han podido insistir.<\/p>\n\n\n\n<p class=\"has-medium-font-size\">\u00abParece que alguien quiere colgar medallas a alguien.\u00bb<\/p>\n\n\n\n<p class=\"has-medium-font-size\"><strong>Nos alegra mucho haber contribuido al bienestar de la Plantilla. Para eso estamos ESK.<\/strong><\/p>\n\n\n\n<p class=\"has-medium-font-size\"><strong>Y recordaros a todos y todas que con una plantilla unida conseguiremos un mejor Convenio.<\/strong><\/p>\n\n\n\n<p class=\"has-medium-font-size\">                                        <strong>ESK estamos con la plantilla.<\/strong><\/p>\n","protected":false},"excerpt":{"rendered":"<p>Compa\u00f1eros y compa\u00f1eras, esta tarde os hemos comunicado que enviamos un mail a la Empresa el d\u00eda 29 de diciembre&hellip; <a class=\"read-more\" href=\"https:\/\/eskbilbaolimpiezavial.com\/index.php\/2026\/01\/08\/otra-mentira-mas\/\">Seguir leyendo<\/a><\/p>\n","protected":false},"author":1,"featured_media":0,"comment_status":"closed","ping_status":"open","sticky":false,"template":"","format":"standard","meta":{"footnotes":""},"categories":[6],"tags":[],"class_list":["post-1259","post","type-post","status-publish","format-standard","hentry","category-noticias"],"post_mailing_queue_ids":[],"_links":{"self":[{"href":"https:\/\/eskbilbaolimpiezavial.com\/index.php\/wp-json\/wp\/v2\/posts\/1259","targetHints":{"allow":["GET"]}}],"collection":[{"href":"https:\/\/eskbilbaolimpiezavial.com\/index.php\/wp-json\/wp\/v2\/posts"}],"about":[{"href":"https:\/\/eskbilbaolimpiezavial.com\/index.php\/wp-json\/wp\/v2\/types\/post"}],"author":[{"embeddable":true,"href":"https:\/\/eskbilbaolimpiezavial.com\/index.php\/wp-json\/wp\/v2\/users\/1"}],"replies":[{"embeddable":true,"href":"https:\/\/eskbilbaolimpiezavial.com\/index.php\/wp-json\/wp\/v2\/comments?post=1259"}],"version-history":[{"count":1,"href":"https:\/\/eskbilbaolimpiezavial.com\/index.php\/wp-json\/wp\/v2\/posts\/1259\/revisions"}],"predecessor-version":[{"id":1263,"href":"https:\/\/eskbilbaolimpiezavial.com\/index.php\/wp-json\/wp\/v2\/posts\/1259\/revisions\/1263"}],"wp:attachment":[{"href":"https:\/\/eskbilbaolimpiezavial.com\/index.php\/wp-json\/wp\/v2\/media?parent=1259"}],"wp:term":[{"taxonomy":"category","embeddable":true,"href":"https:\/\/eskbilbaolimpiezavial.com\/index.php\/wp-json\/wp\/v2\/categories?post=1259"},{"taxonomy":"post_tag","embeddable":true,"href":"https:\/\/eskbilbaolimpiezavial.com\/index.php\/wp-json\/wp\/v2\/tags?post=1259"}],"curies":[{"name":"wp","href":"https:\/\/api.w.org\/{rel}","templated":true}]}}